{"id":11487,"date":"2022-03-17T22:07:20","date_gmt":"2022-03-17T22:07:20","guid":{"rendered":"https:\/\/moycullenbasketball.net\/?p=11487"},"modified":"2022-03-17T22:07:20","modified_gmt":"2022-03-17T22:07:20","slug":"st-patricks-day-parade-2022","status":"publish","type":"post","link":"https:\/\/moycullenbasketball.com\/?p=11487","title":{"rendered":"St. Patrick&#8217;s Day Parade 2022"},"content":{"rendered":"\n<p>It was great to see everyone back on the streets for the Moycullen St. Patrick&#8217;s Day Parade 2022 after the Covid imposed two-year hiatus!<\/p>\n\n\n\n<p>Thanks to all who marched and to all who cheered us on.<\/p>\n\n\n\n<p>Great to have a look at all the other wonderful clubs, societies and business in Moycullen who partook with us too.<\/p>\n\n\n\n<p>Bh\u00ed Par\u00e1id L\u00e1 Fh\u00e9ile P\u00e1draig 2022 iontach againn. N\u00ed neart go cur le ch\u00e9ile. <\/p>\n\n\n\n<p>You can check out some shots below from the day. <\/p>\n\n\n\n<figure class=\"wp-block-embed is-type-rich is-provider-embed-handler wp-block-embed-embed-handler\"><div class=\"wp-block-embed__wrapper\">\nhttps:\/\/www.facebook.com\/moycullenbasketball\/posts\/624191608674001\n<\/div><\/figure>\n","protected":false},"excerpt":{"rendered":"<p>Seo roinnt picti\u00fair\u00ed \u00f3 l\u00e1 iontach ag Par\u00e1id L\u00e1 Fh\u00e9ile P\u00e1draig Mhaigh Cuilinn. Bh\u00ed s\u00e9 thar cionn a bheith ar ais agus gach duine sa sr\u00e1idbhaile a fheice\u00e1il ar\u00eds ag ceili\u00faradh!<\/p>\n","protected":false},"author":609,"featured_media":11490,"comment_status":"closed","ping_status":"open","sticky":false,"template":"","format":"standard","meta":{"tpgb_global_settings":"","footnotes":""},"categories":[46],"tags":[],"class_list":["post-11487","post","type-post","status-publish","format-standard","has-post-thumbnail","hentry","category-news"],"blocksy_meta":{"styles_descriptor":{"styles":{"desktop":"","tablet":"","mobile":""},"google_fonts":[],"version":5}},"tpgb_featured_images":null,"tpgb_post_meta_info":{"get_date":"17\/03\/2022","category_list":{"category":[{"term_id":46,"name":"News","slug":"news","term_group":0,"term_taxonomy_id":46,"taxonomy":"category","description":"","parent":0,"count":147,"filter":"raw"}],"post_tag":false},"author_name":"","author_url":"https:\/\/moycullenbasketball.com\/?author=609","author_email":"moycullen.basketball.web@gmail.com","author_website":"","author_description":"","author_facebook":"","author_twitter":"","author_instagram":"","author_role":["subscriber"],"author_avatar":"<img src=\"https:\/\/moycullenbasketball.com\/wp-content\/plugins\/ultimate-member\/assets\/img\/default_avatar.jpg\" class=\"gravatar avatar avatar-200 um-avatar um-avatar-default\" width=\"200\" height=\"200\" alt=\"moycullenbasketball\" data-default=\"https:\/\/moycullenbasketball.com\/wp-content\/plugins\/ultimate-member\/assets\/img\/default_avatar.jpg\" onerror=\"if ( ! this.getAttribute('data-load-error') ){ this.setAttribute('data-load-error', '1');this.setAttribute('src', this.getAttribute('data-default'));}\" loading=\"lazy\" \/>","comment_count":0,"post_likes":0,"post_views":0},"tpgb_post_category":{"category":"<a href=\"https:\/\/moycullenbasketball.com\/?cat=46\" alt=\"News\" class=\"category-news\">News<\/a> "},"_links":{"self":[{"href":"https:\/\/moycullenbasketball.com\/index.php?rest_route=\/wp\/v2\/posts\/11487"}],"collection":[{"href":"https:\/\/moycullenbasketball.com\/index.php?rest_route=\/wp\/v2\/posts"}],"about":[{"href":"https:\/\/moycullenbasketball.com\/index.php?rest_route=\/wp\/v2\/types\/post"}],"author":[{"embeddable":true,"href":"https:\/\/moycullenbasketball.com\/index.php?rest_route=\/wp\/v2\/users\/609"}],"replies":[{"embeddable":true,"href":"https:\/\/moycullenbasketball.com\/index.php?rest_route=%2Fwp%2Fv2%2Fcomments&post=11487"}],"version-history":[{"count":0,"href":"https:\/\/moycullenbasketball.com\/index.php?rest_route=\/wp\/v2\/posts\/11487\/revisions"}],"wp:featuredmedia":[{"embeddable":true,"href":"https:\/\/moycullenbasketball.com\/index.php?rest_route=\/"}],"wp:attachment":[{"href":"https:\/\/moycullenbasketball.com\/index.php?rest_route=%2Fwp%2Fv2%2Fmedia&parent=11487"}],"wp:term":[{"taxonomy":"category","embeddable":true,"href":"https:\/\/moycullenbasketball.com\/index.php?rest_route=%2Fwp%2Fv2%2Fcategories&post=11487"},{"taxonomy":"post_tag","embeddable":true,"href":"https:\/\/moycullenbasketball.com\/index.php?rest_route=%2Fwp%2Fv2%2Ftags&post=11487"}],"curies":[{"name":"wp","href":"https:\/\/api.w.org\/{rel}","templated":true}]}}