{"id":11543,"date":"2022-04-04T21:57:40","date_gmt":"2022-04-04T20:57:40","guid":{"rendered":"https:\/\/moycullenbasketball.net\/?p=11543"},"modified":"2022-04-04T21:57:40","modified_gmt":"2022-04-04T20:57:40","slug":"dul-chun-cinn-iontach-onar-rogairi-oga-2","status":"publish","type":"post","link":"https:\/\/moycullenbasketball.com\/?p=11543","title":{"rendered":"Dul chun cinn iontach \u00f3n\u00e1r R\u00f3gair\u00ed \u00d3ga"},"content":{"rendered":"\n<h2 class=\"wp-block-heading\">Under 7s<\/h2>\n\n\n\n<p>Well done to our youngest club members, the R\u00f3gair\u00ed \u00d3ga group who have just finished off their first ever season with a great final session in Killannin Community Centre.<\/p>\n\n\n\n<p>Special Guest\u00a0<strong>Shooter,<\/strong>\u00a0presented the boys and girls with their medals &amp; party bags, which were presented on the day by some of the stars of our U16 Girls team- <strong>Kayla, Lily, R\u00f3is\u00edn, Sophia &amp; Tara<\/strong>.<\/p>\n\n\n\n<p>A huge thanks to all the parents for bringing their children every second Sunday to training. It was the first time the club have coached this young age group. Huge thanks to Head Coaches\u00a0<strong>Sin\u00e9ad<\/strong>\u00a0Monaghan &amp;\u00a0<strong>Dara\u00a0<\/strong>Canavan. Team manager\u00a0<strong>Deirdre<\/strong>\u00a0de Souza and all the coaching team of\u00a0<strong>Adrian\u00a0<\/strong>Mulligan,\u00a0<strong>Glenn<\/strong>\u00a0Hynes,\u00a0<strong>Loretta<\/strong>\u00a0N\u00ed Ghabh\u00e1in,\u00a0<strong>Maeve\u00a0<\/strong>Mitchell &amp;\u00a0<strong>Rachel\u00a0<\/strong>Houlihan. Thanks also to Maeves niece\u00a0<strong>Aoibhin.<\/strong><\/p>\n\n\n\n<p>Many thanks the sponsors on the day:-<\/p>\n\n\n\n<ul class=\"wp-block-list\"><li><strong><a rel=\"noreferrer noopener\" href=\"https:\/\/lorgmedia.ie\/\" target=\"_blank\">Lorg Media<\/a><\/strong>, who sponsored medals for the players;<\/li><li><a rel=\"noreferrer noopener\" href=\"https:\/\/www.facebook.com\/forgepubmoycullen\/\" target=\"_blank\"><strong>The Forge<\/strong><\/a>, who sponsored party bags for the players<\/li><li><a href=\"https:\/\/galwaytrophycentre.ie\/\" target=\"_blank\" rel=\"noreferrer noopener\"><strong>Galway Trophy Centre<\/strong><\/a>.<\/li><\/ul>\n\n\n\n<p>We had 33 boys &amp; girls registered this season, you are all\u00a0<strong>Superstars<\/strong>.\u00a0 Alice Hynes, Amy Kelly, Angel Maria Denny, Anna Morley, Annjohn Maria, Aoibh\u00ed N\u00ed Fhatharta, Ben Kelly, Bradley Loftus, Cathal Houlihan, Chloe Lydon, Darcey Shiels, Elena Leonard, Eli Shiels, Eve Gallagher, Finn Kelly, Fionn Mc Donagh-Lucey, Iarla Mulligan, Iarlaith Friel, Jaiden Delphin, Julia Walshe, Leila Smith, Michael Canavan, Mila Mc Entegart, Odhran \u00d3 Dabhor\u00e1in Long\u00e1in, Padraic Mahon, Rachel de Souza, Ruairc Mulhern, R\u00faba\u00ed N\u00ed Chionnaith, Sadhbh Mitchell, Serah Alphonsa Denny, Si\u00fan Monaghan, Sophia N\u00ed Chionnaith &amp; Tate Murray.<\/p>\n\n\n\n<div class=\"wp-block-jetpack-tiled-gallery aligncenter is-style-rectangular\"><div class=\"tiled-gallery__gallery\"><div class=\"tiled-gallery__row\"><div class=\"tiled-gallery__col\" style=\"flex-basis:66.83684%;\"><figure class=\"tiled-gallery__item\"><img decoding=\"async\" alt=\"\" data-height=\"1066\" data-id=\"11577\" data-link=\"https:\/\/moycullenbasketball.net\/shooter-with-ro-1\/\" data-url=\"https:\/\/moycullenbasketball.net\/wp-content\/uploads\/2022\/04\/shooter-with-ro-1.jpg?w=1024\" data-width=\"1600\" src=\"https:\/\/moycullenbasketball.net\/wp-content\/uploads\/2022\/04\/shooter-with-ro-1.jpg\" data-amp-layout=\"responsive\" \/><\/figure><\/div><div class=\"tiled-gallery__col\" style=\"flex-basis:33.16316%;\"><figure class=\"tiled-gallery__item\"><img decoding=\"async\" alt=\"\" data-height=\"1066\" data-id=\"11578\" data-link=\"https:\/\/moycullenbasketball.net\/single-medal-1\/\" data-url=\"https:\/\/moycullenbasketball.net\/wp-content\/uploads\/2022\/04\/single-medal-1.jpg?w=1024\" data-width=\"1600\" src=\"https:\/\/moycullenbasketball.net\/wp-content\/uploads\/2022\/04\/single-medal-1.jpg\" data-amp-layout=\"responsive\" \/><\/figure><figure class=\"tiled-gallery__item\"><img decoding=\"async\" alt=\"\" data-height=\"1066\" data-id=\"11579\" data-link=\"https:\/\/moycullenbasketball.net\/line-up-1\/\" data-url=\"https:\/\/moycullenbasketball.net\/wp-content\/uploads\/2022\/04\/line-up-1.jpg?w=1024\" data-width=\"1600\" src=\"https:\/\/moycullenbasketball.net\/wp-content\/uploads\/2022\/04\/line-up-1.jpg\" data-amp-layout=\"responsive\" \/><\/figure><\/div><\/div><div class=\"tiled-gallery__row\"><div class=\"tiled-gallery__col\" style=\"flex-basis:100%;\"><figure class=\"tiled-gallery__item\"><img decoding=\"async\" alt=\"\" data-height=\"730\" data-id=\"11580\" data-link=\"https:\/\/moycullenbasketball.net\/group-1\/\" data-url=\"https:\/\/moycullenbasketball.net\/wp-content\/uploads\/2022\/04\/group-1.jpg?w=1024\" data-width=\"1444\" src=\"https:\/\/moycullenbasketball.net\/wp-content\/uploads\/2022\/04\/group-1.jpg\" data-amp-layout=\"responsive\" \/><\/figure><\/div><\/div><\/div><\/div>\n\n\n\n<hr class=\"wp-block-separator has-alpha-channel-opacity\" \/>\n\n\n\n<h2 class=\"wp-block-heading\">Under 8s<\/h2>\n\n\n\n<p>Some of Moycullen Basketball Clubs stars of the future finished up for the 2021\/2022 season when our U8 group held their final session Sunday 3 April in Killannin Community Centre.<\/p>\n\n\n\n<p>The gang started off the season within Covid enforced pods where they did not get to play many games but even still, their coaches Noelle Steele, Conor Feeney, Maurice Ferguson and Brenda Leyden could really notice the progress they were making. That was on evidence for all to see when the players put together a wonderful set of games to finish off 2021\/2022 Sunday, with a few gallant tryers even attempting a three pointer or two!<\/p>\n\n\n\n<p>Everyone is looking forward to the big step up to the size 5 basketball next year and the next step on their basketball journeys!<\/p>\n\n\n\n<p>Next Sunday, our U7 R\u00f3gair\u00ed \u00d3ga group hold their final session of the season.<\/p>\n\n\n\n<figure class=\"wp-block-image size-large\"><img decoding=\"async\" src=\"https:\/\/moycullenbasketball.net\/wp-content\/uploads\/2022\/04\/u8s-rogairi-oga-2022.jpg?w=1024\" alt=\"\" class=\"wp-image-11548\" \/><figcaption><em>Back row L-R: Jack Houlihan, Liam Steele, Joe Dempsey, Liam Deffew, Aedan O&#8217;Reilly, D\u00e1ith\u00ed O Flaherty, Jack O&#8217;Neill<br>Middle row L-R: Salva Davoren, Samson Moody, Dylan O Neill, Fionn Brennan, Sean Feeney, Eoghan Hennessy<br>Front row L-R: Kaia Griffin, Izzy McHale, Elsa Flood, Elsie O&#8217;Hora, Maya Ferguson<\/em><\/figcaption><\/figure>\n\n\n\n<figure class=\"wp-block-image size-large\"><img decoding=\"async\" src=\"https:\/\/moycullenbasketball.net\/wp-content\/uploads\/2022\/04\/u8-rogairi-oga-action-shot-april-2022.jpg?w=1024\" alt=\"\" class=\"wp-image-11550\" \/><\/figure>\n","protected":false},"excerpt":{"rendered":"<p>Chr\u00edochnaigh cuid de r\u00e9alta\u00ed Chlub Cispheil Mhaigh Cuilinn a sh\u00e9as\u00far 2021\/2022 nuair a bh\u00ed seisi\u00fan deiridh ag \u00e1r ngr\u00fapa faoi 7 D\u00e9 Domhnaigh 10 Aibre\u00e1n in Ionad Pobail Chill Aithn\u00edn.<\/p>\n","protected":false},"author":609,"featured_media":11582,"comment_status":"closed","ping_status":"open","sticky":false,"template":"","format":"standard","meta":{"tpgb_global_settings":"","footnotes":""},"categories":[46],"tags":[],"class_list":["post-11543","post","type-post","status-publish","format-standard","has-post-thumbnail","hentry","category-news"],"blocksy_meta":{"styles_descriptor":{"styles":{"desktop":"","tablet":"","mobile":""},"google_fonts":[],"version":5}},"tpgb_featured_images":null,"tpgb_post_meta_info":{"get_date":"04\/04\/2022","category_list":{"category":[{"term_id":46,"name":"News","slug":"news","term_group":0,"term_taxonomy_id":46,"taxonomy":"category","description":"","parent":0,"count":147,"filter":"raw"}],"post_tag":false},"author_name":"","author_url":"https:\/\/moycullenbasketball.com\/?author=609","author_email":"moycullen.basketball.web@gmail.com","author_website":"","author_description":"","author_facebook":"","author_twitter":"","author_instagram":"","author_role":["subscriber"],"author_avatar":"<img src=\"https:\/\/moycullenbasketball.com\/wp-content\/plugins\/ultimate-member\/assets\/img\/default_avatar.jpg\" class=\"gravatar avatar avatar-200 um-avatar um-avatar-default\" width=\"200\" height=\"200\" alt=\"moycullenbasketball\" data-default=\"https:\/\/moycullenbasketball.com\/wp-content\/plugins\/ultimate-member\/assets\/img\/default_avatar.jpg\" onerror=\"if ( ! this.getAttribute('data-load-error') ){ this.setAttribute('data-load-error', '1');this.setAttribute('src', this.getAttribute('data-default'));}\" loading=\"lazy\" \/>","comment_count":0,"post_likes":0,"post_views":0},"tpgb_post_category":{"category":"<a href=\"https:\/\/moycullenbasketball.com\/?cat=46\" alt=\"News\" class=\"category-news\">News<\/a> "},"_links":{"self":[{"href":"https:\/\/moycullenbasketball.com\/index.php?rest_route=\/wp\/v2\/posts\/11543"}],"collection":[{"href":"https:\/\/moycullenbasketball.com\/index.php?rest_route=\/wp\/v2\/posts"}],"about":[{"href":"https:\/\/moycullenbasketball.com\/index.php?rest_route=\/wp\/v2\/types\/post"}],"author":[{"embeddable":true,"href":"https:\/\/moycullenbasketball.com\/index.php?rest_route=\/wp\/v2\/users\/609"}],"replies":[{"embeddable":true,"href":"https:\/\/moycullenbasketball.com\/index.php?rest_route=%2Fwp%2Fv2%2Fcomments&post=11543"}],"version-history":[{"count":0,"href":"https:\/\/moycullenbasketball.com\/index.php?rest_route=\/wp\/v2\/posts\/11543\/revisions"}],"wp:featuredmedia":[{"embeddable":true,"href":"https:\/\/moycullenbasketball.com\/index.php?rest_route=\/"}],"wp:attachment":[{"href":"https:\/\/moycullenbasketball.com\/index.php?rest_route=%2Fwp%2Fv2%2Fmedia&parent=11543"}],"wp:term":[{"taxonomy":"category","embeddable":true,"href":"https:\/\/moycullenbasketball.com\/index.php?rest_route=%2Fwp%2Fv2%2Fcategories&post=11543"},{"taxonomy":"post_tag","embeddable":true,"href":"https:\/\/moycullenbasketball.com\/index.php?rest_route=%2Fwp%2Fv2%2Ftags&post=11543"}],"curies":[{"name":"wp","href":"https:\/\/api.w.org\/{rel}","templated":true}]}}