{"id":11795,"date":"2022-10-15T08:58:47","date_gmt":"2022-10-15T07:58:47","guid":{"rendered":"https:\/\/moycullenbasketball.net\/?p=11795"},"modified":"2022-10-15T08:58:47","modified_gmt":"2022-10-15T07:58:47","slug":"egm-monday-3-october","status":"publish","type":"post","link":"https:\/\/moycullenbasketball.com\/?p=11795","title":{"rendered":"Official Club Name Change &#8211; CC Mhaigh Cuilinn"},"content":{"rendered":"\n<p>Cumann Cispheile Mhaigh Cuilinn is pleased to announce that, following the&nbsp;Cruinni\u00fa Ginear\u00e1lta Urghn\u00e1ch on Monday 3 October, the club has elected to formally change its name from Moycullen Basketball Club to Cumann Cispheile Mhaigh Cuilinn.<\/p>\n\n\n\n<p><em>T\u00e1 \u00e1thas ar Chumann Cispheile Mhaigh Cuilinn a fh\u00f3gairt gur bhearta\u00edodh ag Cruinni\u00fa Ginear\u00e1lta Urghn\u00e1ch ar an 3\u00fa Deireadh F\u00f3mhair ainm an chlub a athr\u00fa go hoifigi\u00fail \u00f3 Moycullen Basketball Club go Cumann Cispheile Mhaigh Cuilinn.&nbsp;<\/em><br><\/p>\n\n\n\n<p>This does not mean, by any stretch, that people need Irish to participate in our club and we welcome members new and old, from all corners of the globe with Irish, English or neither! Basketball is our first language! We are however, proud to be the the first club from the Gaeltacht to reach the top tier of Irish basketball, having entered the Men&#8217;s Superleague in 2010, in which we still compete (<a href=\"https:\/\/moycullenbasketball.net\/superleague-fixtures-and-results\/\">fixtures available here<\/a>).<br><\/p>\n\n\n\n<p><em>N\u00ed ionann sin agus l\u00edofacht sa teanga le bheith mar baill den chlub. Cuireann muid f\u00e1ilte roimh ch\u00e1ch, \u00f3 gach c\u00fainne den dhomhan le Gaeilge, B\u00e9arla n\u00f3 ceachtar acu! Is \u00ed an chispheil \u00e1r gc\u00e9ad teanga! T\u00e1 muid thar a bheith br\u00f3d\u00fail gur muid an ch\u00e9ad chlub \u00f3n nGaeltacht gur \u00e9irigh leo an leibh\u00e9al is airde a bhaint amach le S\u00e1rsraith na bhfir i 2010, com\u00f3rtas ina bhfuil muid f\u00f3s ag imirt (<a href=\"https:\/\/moycullenbasketball.net\/superleague-fixtures-and-results\/\">cl\u00e1r cluich\u00ed anseo<\/a>).<\/em><br><\/p>\n\n\n\n<p>The Irish language is an important part of our club&#8217;s past present and future and we believe the change of name, to what is after all the village&#8217;s official name, is the right thing to do as we look to play our part, alongside the many other tremendous clubs in the locality, to help keep the Irish language vibrant in the community&#8230;..at all levels of fluency from a c\u00fapla focal to liofa.<br><\/p>\n\n\n\n<p><em>T\u00e1 \u00e1r dteanga t\u00e1bhachtach mar chuid de stair, todcha\u00ed agus saol an chlub sa l\u00e1 at\u00e1 inniu ann agus d\u00e1r linn gurb \u00e9 athr\u00fa ainm an chlub go dt\u00ed an leagan oifigi\u00fail Gaeilge an rud ceart le d\u00e9anamh in \u00e9ineacht le clubanna iontach eile sa cheantar chun \u00e1r dteanga a choinne\u00e1il beo agus br\u00edomhar&#8230;ag chuile leibh\u00e9al \u00f3 c\u00fapla focail go l\u00edofacht.<\/em><\/p>\n\n\n\n<hr class=\"wp-block-separator has-alpha-channel-opacity\" \/>\n\n\n\n<p><br><\/p>\n","protected":false},"excerpt":{"rendered":"<p>Bhearta\u00edodh ainm an chlub a athr\u00fa \u00f3 Moycullen Basketball Club go Cumann Cispheile Mhaigh Cuilinn. <\/p>\n<p>Official Irish name now the official name of the Club.<\/p>\n","protected":false},"author":609,"featured_media":11864,"comment_status":"closed","ping_status":"open","sticky":false,"template":"","format":"standard","meta":{"tpgb_global_settings":"","footnotes":""},"categories":[46],"tags":[],"class_list":["post-11795","post","type-post","status-publish","format-standard","has-post-thumbnail","hentry","category-news"],"blocksy_meta":{"styles_descriptor":{"styles":{"desktop":"","tablet":"","mobile":""},"google_fonts":[],"version":5}},"tpgb_featured_images":null,"tpgb_post_meta_info":{"get_date":"15\/10\/2022","category_list":{"category":[{"term_id":46,"name":"News","slug":"news","term_group":0,"term_taxonomy_id":46,"taxonomy":"category","description":"","parent":0,"count":147,"filter":"raw"}],"post_tag":false},"author_name":"","author_url":"https:\/\/moycullenbasketball.com\/?author=609","author_email":"moycullen.basketball.web@gmail.com","author_website":"","author_description":"","author_facebook":"","author_twitter":"","author_instagram":"","author_role":["subscriber"],"author_avatar":"<img src=\"https:\/\/moycullenbasketball.com\/wp-content\/plugins\/ultimate-member\/assets\/img\/default_avatar.jpg\" class=\"gravatar avatar avatar-200 um-avatar um-avatar-default\" width=\"200\" height=\"200\" alt=\"moycullenbasketball\" data-default=\"https:\/\/moycullenbasketball.com\/wp-content\/plugins\/ultimate-member\/assets\/img\/default_avatar.jpg\" onerror=\"if ( ! this.getAttribute('data-load-error') ){ this.setAttribute('data-load-error', '1');this.setAttribute('src', this.getAttribute('data-default'));}\" loading=\"lazy\" \/>","comment_count":0,"post_likes":0,"post_views":0},"tpgb_post_category":{"category":"<a href=\"https:\/\/moycullenbasketball.com\/?cat=46\" alt=\"News\" class=\"category-news\">News<\/a> "},"_links":{"self":[{"href":"https:\/\/moycullenbasketball.com\/index.php?rest_route=\/wp\/v2\/posts\/11795"}],"collection":[{"href":"https:\/\/moycullenbasketball.com\/index.php?rest_route=\/wp\/v2\/posts"}],"about":[{"href":"https:\/\/moycullenbasketball.com\/index.php?rest_route=\/wp\/v2\/types\/post"}],"author":[{"embeddable":true,"href":"https:\/\/moycullenbasketball.com\/index.php?rest_route=\/wp\/v2\/users\/609"}],"replies":[{"embeddable":true,"href":"https:\/\/moycullenbasketball.com\/index.php?rest_route=%2Fwp%2Fv2%2Fcomments&post=11795"}],"version-history":[{"count":0,"href":"https:\/\/moycullenbasketball.com\/index.php?rest_route=\/wp\/v2\/posts\/11795\/revisions"}],"wp:featuredmedia":[{"embeddable":true,"href":"https:\/\/moycullenbasketball.com\/index.php?rest_route=\/"}],"wp:attachment":[{"href":"https:\/\/moycullenbasketball.com\/index.php?rest_route=%2Fwp%2Fv2%2Fmedia&parent=11795"}],"wp:term":[{"taxonomy":"category","embeddable":true,"href":"https:\/\/moycullenbasketball.com\/index.php?rest_route=%2Fwp%2Fv2%2Fcategories&post=11795"},{"taxonomy":"post_tag","embeddable":true,"href":"https:\/\/moycullenbasketball.com\/index.php?rest_route=%2Fwp%2Fv2%2Ftags&post=11795"}],"curies":[{"name":"wp","href":"https:\/\/api.w.org\/{rel}","templated":true}]}}