{"id":11969,"date":"2022-10-25T20:32:22","date_gmt":"2022-10-25T19:32:22","guid":{"rendered":"https:\/\/moycullenbasketball.net\/?p=11969"},"modified":"2022-10-25T20:32:22","modified_gmt":"2022-10-25T19:32:22","slug":"u14-regional-academy-selections","status":"publish","type":"post","link":"https:\/\/moycullenbasketball.com\/?p=11969","title":{"rendered":"U14 Regional Academy Selections"},"content":{"rendered":"\n<p>A massive congratulations to all of our U14 players who were selected to the West Regional Academy after some very competitive talent identification sessions featuring the best players from around Clare, Galway and South Mayo.<\/p>\n\n\n\n<p>Listed below are the Maigh Cuilinn players selected with a link to more information. We wish them all the best!<\/p>\n\n\n\n<p><strong><mark style=\"background-color:rgba(0,0,0,0);\" class=\"has-inline-color has-vivid-green-cyan-color\">You can find our more information on the Basketball Ireland Academy structure via this <a rel=\"noreferrer noopener\" href=\"https:\/\/ireland.basketball\/academies\" target=\"_blank\">link<\/a>.<\/mark><\/strong><\/p>\n\n\n\n<h2 class=\"wp-block-heading\" id=\"moycullen-players-on-regional-academies-for-2021-2022-season\">Maigh Cuilnn Players on U14 Regional Academies for 2022\/2023 Season<\/h2>\n\n\n\n<p><strong>Girls<\/strong><\/p>\n\n\n\n<ul class=\"wp-block-list\">\n<li>Lily Shelley<\/li>\n\n\n\n<li>Cara Cleary<\/li>\n\n\n\n<li>Orla Houlihan<\/li>\n\n\n\n<li>Holly Fox<\/li>\n\n\n\n<li>Aoife Walsh<\/li>\n\n\n\n<li>Ciara Bowden<\/li>\n\n\n\n<li>Saorlaith Reid<\/li>\n\n\n\n<li>Aoibhinn McHale<\/li>\n\n\n\n<li>Rachel Sidley<\/li>\n\n\n\n<li>Erin Keane<\/li>\n\n\n\n<li>Layla Conroy<\/li>\n\n\n\n<li>Roisin Walsh<\/li>\n<\/ul>\n\n\n\n<p><a href=\"https:\/\/ireland.basketball\/basketball-ireland-u14-girls-academy-programme-selections-confirmed-following-trial-days\" target=\"_blank\" rel=\"noreferrer noopener\">Link to more information<\/a><\/p>\n\n\n\n<p><strong>Boys<\/strong><\/p>\n\n\n\n<ul class=\"wp-block-list\">\n<li>Jamie Flaherty<\/li>\n\n\n\n<li>Alex O&#8217;Sullivan<\/li>\n\n\n\n<li>Frank McDonagh<\/li>\n\n\n\n<li>Darragh Kelly<\/li>\n\n\n\n<li>Sean Morrison<\/li>\n<\/ul>\n\n\n\n<p><a rel=\"noreferrer noopener\" href=\"https:\/\/ireland.basketball\/basketball-ireland-u14-boys-academy-programme-selections-confirmed-following-trial-days\" target=\"_blank\">Link to more information<\/a><\/p>\n","protected":false},"excerpt":{"rendered":"<p>Comhghairdeachas len\u00e1r n-imreoir\u00ed faoi 14 ar fad a roghna\u00edodh chuig na hAcadaimh R\u00e9igi\u00fanacha<\/p>\n","protected":false},"author":609,"featured_media":10753,"comment_status":"closed","ping_status":"open","sticky":false,"template":"","format":"standard","meta":{"tpgb_global_settings":"","footnotes":""},"categories":[46,56,57],"tags":[],"class_list":["post-11969","post","type-post","status-publish","format-standard","has-post-thumbnail","hentry","category-news","category-u-14-boys","category-u-14-girls"],"blocksy_meta":{"styles_descriptor":{"styles":{"desktop":"","tablet":"","mobile":""},"google_fonts":[],"version":5}},"tpgb_featured_images":null,"tpgb_post_meta_info":{"get_date":"25\/10\/2022","category_list":{"category":[{"term_id":46,"name":"News","slug":"news","term_group":0,"term_taxonomy_id":46,"taxonomy":"category","description":"","parent":0,"count":147,"filter":"raw"},{"term_id":56,"name":"U-14 Boys","slug":"u-14-boys","term_group":0,"term_taxonomy_id":56,"taxonomy":"category","description":"","parent":41,"count":6,"filter":"raw"},{"term_id":57,"name":"U-14 Girls","slug":"u-14-girls","term_group":0,"term_taxonomy_id":57,"taxonomy":"category","description":"","parent":42,"count":5,"filter":"raw"}],"post_tag":false},"author_name":"","author_url":"https:\/\/moycullenbasketball.com\/?author=609","author_email":"moycullen.basketball.web@gmail.com","author_website":"","author_description":"","author_facebook":"","author_twitter":"","author_instagram":"","author_role":["subscriber"],"author_avatar":"<img src=\"https:\/\/moycullenbasketball.com\/wp-content\/plugins\/ultimate-member\/assets\/img\/default_avatar.jpg\" class=\"gravatar avatar avatar-200 um-avatar um-avatar-default\" width=\"200\" height=\"200\" alt=\"moycullenbasketball\" data-default=\"https:\/\/moycullenbasketball.com\/wp-content\/plugins\/ultimate-member\/assets\/img\/default_avatar.jpg\" onerror=\"if ( ! this.getAttribute('data-load-error') ){ this.setAttribute('data-load-error', '1');this.setAttribute('src', this.getAttribute('data-default'));}\" loading=\"lazy\" \/>","comment_count":0,"post_likes":0,"post_views":0},"tpgb_post_category":{"category":"<a href=\"https:\/\/moycullenbasketball.com\/?cat=46\" alt=\"News\" class=\"category-news\">News<\/a> <a href=\"https:\/\/moycullenbasketball.com\/?cat=56\" alt=\"U-14 Boys\" class=\"category-u-14-boys\">U-14 Boys<\/a> <a href=\"https:\/\/moycullenbasketball.com\/?cat=57\" alt=\"U-14 Girls\" class=\"category-u-14-girls\">U-14 Girls<\/a> "},"_links":{"self":[{"href":"https:\/\/moycullenbasketball.com\/index.php?rest_route=\/wp\/v2\/posts\/11969"}],"collection":[{"href":"https:\/\/moycullenbasketball.com\/index.php?rest_route=\/wp\/v2\/posts"}],"about":[{"href":"https:\/\/moycullenbasketball.com\/index.php?rest_route=\/wp\/v2\/types\/post"}],"author":[{"embeddable":true,"href":"https:\/\/moycullenbasketball.com\/index.php?rest_route=\/wp\/v2\/users\/609"}],"replies":[{"embeddable":true,"href":"https:\/\/moycullenbasketball.com\/index.php?rest_route=%2Fwp%2Fv2%2Fcomments&post=11969"}],"version-history":[{"count":0,"href":"https:\/\/moycullenbasketball.com\/index.php?rest_route=\/wp\/v2\/posts\/11969\/revisions"}],"wp:featuredmedia":[{"embeddable":true,"href":"https:\/\/moycullenbasketball.com\/index.php?rest_route=\/"}],"wp:attachment":[{"href":"https:\/\/moycullenbasketball.com\/index.php?rest_route=%2Fwp%2Fv2%2Fmedia&parent=11969"}],"wp:term":[{"taxonomy":"category","embeddable":true,"href":"https:\/\/moycullenbasketball.com\/index.php?rest_route=%2Fwp%2Fv2%2Fcategories&post=11969"},{"taxonomy":"post_tag","embeddable":true,"href":"https:\/\/moycullenbasketball.com\/index.php?rest_route=%2Fwp%2Fv2%2Ftags&post=11969"}],"curies":[{"name":"wp","href":"https:\/\/api.w.org\/{rel}","templated":true}]}}