{"id":12237,"date":"2023-01-27T08:33:56","date_gmt":"2023-01-27T08:33:56","guid":{"rendered":"https:\/\/moycullenbasketball.net\/?p=12237"},"modified":"2023-01-27T08:33:56","modified_gmt":"2023-01-27T08:33:56","slug":"foireann-na-gcailini-faoi-13-ag-dul-o-neart-go-neart","status":"publish","type":"post","link":"https:\/\/moycullenbasketball.com\/?p=12237","title":{"rendered":"Foireann na gcail\u00edn\u00ed faoi 13 ag dul \u00f3 neart go neart"},"content":{"rendered":"\n<figure class=\"wp-block-image size-large\"><img decoding=\"async\" src=\"https:\/\/moycullenbasketball.net\/wp-content\/uploads\/2023\/01\/u13-girls-2022.2023.png?w=1024\" alt=\"\" class=\"wp-image-12240\" \/><figcaption class=\"wp-element-caption\"><em>Our U13 Girls team after their recent game against neighbours Corrib<\/em><\/figcaption><\/figure>\n\n\n\n<p>Our U13 Girls played Corrib on Wednesday of this week (25 January 2023) in the Killannin Community Centre in a challenge match. <\/p>\n\n\n\n<p>It was a close call 24 &#8211; 22, with Maigh Cuilinn only pulling ahead in the last minute of the last quarter. <\/p>\n\n\n\n<p>Excellent playing from both sides. It was great to have the girls back playing again. <\/p>\n\n\n\n<p><strong>Thanks to Corrib for the invitation<\/strong>. <\/p>\n\n\n\n<blockquote class=\"wp-block-quote is-layout-flow wp-block-quote-is-layout-flow\">\n<p>Cairdeas Cispheil Craic!<\/p>\n<\/blockquote>\n\n\n\n<p><\/p>\n","protected":false},"excerpt":{"rendered":"<p>Well done to our U13 Girls who are having a great season and recently enjoyed a friendly match kindly hosted by neighbours Corrib<\/p>\n","protected":false},"author":609,"featured_media":11866,"comment_status":"closed","ping_status":"open","sticky":false,"template":"","format":"standard","meta":{"tpgb_global_settings":"","footnotes":""},"categories":[55],"tags":[],"class_list":["post-12237","post","type-post","status-publish","format-standard","has-post-thumbnail","hentry","category-u-13-girls"],"blocksy_meta":{"styles_descriptor":{"styles":{"desktop":"","tablet":"","mobile":""},"google_fonts":[],"version":5}},"tpgb_featured_images":null,"tpgb_post_meta_info":{"get_date":"27\/01\/2023","category_list":{"category":[{"term_id":55,"name":"U-13 Girls","slug":"u-13-girls","term_group":0,"term_taxonomy_id":55,"taxonomy":"category","description":"","parent":42,"count":2,"filter":"raw"}],"post_tag":false},"author_name":"","author_url":"https:\/\/moycullenbasketball.com\/?author=609","author_email":"moycullen.basketball.web@gmail.com","author_website":"","author_description":"","author_facebook":"","author_twitter":"","author_instagram":"","author_role":["subscriber"],"author_avatar":"<img src=\"https:\/\/moycullenbasketball.com\/wp-content\/plugins\/ultimate-member\/assets\/img\/default_avatar.jpg\" class=\"gravatar avatar avatar-200 um-avatar um-avatar-default\" width=\"200\" height=\"200\" alt=\"moycullenbasketball\" data-default=\"https:\/\/moycullenbasketball.com\/wp-content\/plugins\/ultimate-member\/assets\/img\/default_avatar.jpg\" onerror=\"if ( ! this.getAttribute('data-load-error') ){ this.setAttribute('data-load-error', '1');this.setAttribute('src', this.getAttribute('data-default'));}\" loading=\"lazy\" \/>","comment_count":0,"post_likes":0,"post_views":0},"tpgb_post_category":{"category":"<a href=\"https:\/\/moycullenbasketball.com\/?cat=55\" alt=\"U-13 Girls\" class=\"category-u-13-girls\">U-13 Girls<\/a> "},"_links":{"self":[{"href":"https:\/\/moycullenbasketball.com\/index.php?rest_route=\/wp\/v2\/posts\/12237"}],"collection":[{"href":"https:\/\/moycullenbasketball.com\/index.php?rest_route=\/wp\/v2\/posts"}],"about":[{"href":"https:\/\/moycullenbasketball.com\/index.php?rest_route=\/wp\/v2\/types\/post"}],"author":[{"embeddable":true,"href":"https:\/\/moycullenbasketball.com\/index.php?rest_route=\/wp\/v2\/users\/609"}],"replies":[{"embeddable":true,"href":"https:\/\/moycullenbasketball.com\/index.php?rest_route=%2Fwp%2Fv2%2Fcomments&post=12237"}],"version-history":[{"count":0,"href":"https:\/\/moycullenbasketball.com\/index.php?rest_route=\/wp\/v2\/posts\/12237\/revisions"}],"wp:featuredmedia":[{"embeddable":true,"href":"https:\/\/moycullenbasketball.com\/index.php?rest_route=\/"}],"wp:attachment":[{"href":"https:\/\/moycullenbasketball.com\/index.php?rest_route=%2Fwp%2Fv2%2Fmedia&parent=12237"}],"wp:term":[{"taxonomy":"category","embeddable":true,"href":"https:\/\/moycullenbasketball.com\/index.php?rest_route=%2Fwp%2Fv2%2Fcategories&post=12237"},{"taxonomy":"post_tag","embeddable":true,"href":"https:\/\/moycullenbasketball.com\/index.php?rest_route=%2Fwp%2Fv2%2Ftags&post=12237"}],"curies":[{"name":"wp","href":"https:\/\/api.w.org\/{rel}","templated":true}]}}