{"id":12342,"date":"2023-03-17T10:23:55","date_gmt":"2023-03-17T10:23:55","guid":{"rendered":"https:\/\/moycullenbasketball.net\/?p=12342"},"modified":"2023-03-17T10:23:55","modified_gmt":"2023-03-17T10:23:55","slug":"comortas-cispheile-na-gaeltachta","status":"publish","type":"post","link":"https:\/\/moycullenbasketball.com\/?p=12342","title":{"rendered":"Com\u00f3rtas Cispheile na Gaeltachta"},"content":{"rendered":"\n<p><a href=\"https:\/\/moycullenbasketball.net\/wp-content\/uploads\/2023\/03\/tuairisc-comortas-cispheile-na-gaeltachta.docx.pdf\" target=\"_blank\" rel=\"noreferrer noopener\">Is f\u00e9idir an tuairisc a \u00edosl\u00f3d\u00e1il i nGaeilge anseo<\/a>.<\/p>\n\n\n\n<p><a href=\"https:\/\/moycullenbasketball.net\/wp-content\/uploads\/2023\/03\/report-comortas-cispheile-na-gaeltachta.docx.pdf\">You can download the report in English here<\/a>.<\/p>\n\n\n\n<hr class=\"wp-block-separator has-alpha-channel-opacity\" \/>\n\n\n\n<p>Reacht\u00e1ileadh an ch\u00e9ad \u201cCom\u00f3rtas Cispheile na Gaeltachta\u201d a riamh i Sp\u00f3rtlann Naomh Anna i Leitir M\u00f3ir ar an deireadh seachtaine seo caite. Ba l\u00e1 thar a bheith rath\u00fail a bh\u00ed ann, \u00e1it a raibh breis agus tr\u00ed sc\u00f3r r\u00e9alta \u00f3ga cispheile as chuile choirne\u00e1l do Ghaeltacht Chonamara ag glacadh p\u00e1irt agus ag iad iarraidh a bheith ar an an gc\u00e9ad fhoireann an corn a bhaint amach.<\/p>\n\n\n\n<p>Tar \u00e9is l\u00e1 iontach de choimhlint leis na foirne meascaithe le himreoir\u00ed \u00f3 cheann ceann Chonamara, is acu seo a leanas a bh\u00ed an bua, Miche\u00e1l \u00d3 Gr\u00e1inne, Cian Seoighe, Michael Cunningham Smyth, Ben McLoughlin, Padraic \u00d3g Mac Donnacha, Oisin Silke, Fiach Silke agus Keelan Mac Donnacha, le farasbarr de chise\u00e1n amh\u00e1in leis an cise\u00e1n buacach sna soicind deiridh.<\/p>\n\n\n\n<p>N\u00edorbh \u00e9 an bua bun agus barr an lae, ach seans a thabhairt d\u2019imreoir\u00ed \u00f3ga as clubanna agus scoileanna \u00e9ags\u00fala meascadh agus bualadh lena ch\u00e9ile, agus cisph\u00e9il a imirt tr\u00ed mh\u00e9an na Gaeilge.<\/p>\n\n\n\n<p>Bh\u00ed seisi\u00fan scileanna ann ar feadh uair ar maidin, a bh\u00ed eagraithe ag c\u00f3itse\u00e1laithe \u00f3 Chumann Cispheile Mhaigh Cuilinn and Cumann Cispheile na nGael, agus ina dhiaidh sin lean an \u201cdraft\u201d at\u00e1 thar a bheith t\u00e1bhachtach, \u00e1it ar roghna\u00edodh ocht bhfoireann a bh\u00ed meascaithe \u00f3 scoileanna agus clubanna \u00e9ags\u00fala. Ba \u00e9 an aidhm a bh\u00ed anseo n\u00e1 go mbeadh comort\u00e1s de st\u00edl blitz ann agus go mbeadh s\u00e9 cothrom i do ch\u00e1ch.<\/p>\n\n\n\n<p>Le beagnach cise\u00e1n amh\u00e1in mar dhifr\u00edocht idir na foirne i ngach cluiche, ba iad \u201cFoireann Wilt\u201d agus \u201cFoireann Dirk\u201d a d\u2019\u00e9irigh leo eal\u00fa amach as na gr\u00fapa\u00ed agus treabhadh ar aghaidh chun \u00e1it a bhaint amach sa gCluiche Ceannais.<\/p>\n\n\n\n<p>Ba l\u00e9ir \u00f3n gcluiche Ceannais go raibh s\u00e1r l\u00e1 cisph\u00e9ile imithe roimhe. D\u2019\u00e9irigh le \u201cFoireann Wilt\u201d an bua a bheith acu, ach chuaigh s\u00e9 s\u00edos go dt\u00ed an \u201cBuzzer\u201d. Bh\u00ed s\u00e1r choimhlint sa gcluiche \u00e1it a raibh seans ag an d\u00e1 fhoireann an corn a chrochadh leo.<\/p>\n\n\n\n<p>Bh\u00ed ard chaighde\u00e1n cispheile agus scileanna le feice\u00e1il ar feadh an lae agus is cinnte go mbeidh neart r\u00e9alta cispheile i nGaillimh sa todhcha\u00ed a bh\u00ed p\u00e1irteach den l\u00e1.<\/p>\n\n\n\n<p>Leis sin, thug an \u00f3c\u00e1id seo, seans do go leor daoine us\u00e1id agus feabhas a chur a gc\u00fapla focal i gcomhth\u00e9achs cispheile chomh maith le sp\u00f3irt agus spraoi a bhaint as an l\u00e1, go h\u00e1irithe iad si\u00fad nach bhfuil muin\u00edneach an teanga a labhairt go rialta. Bh\u00ed rial sna cluich\u00ed go mbeadh saor chaitheamh in aghaidh aon duine a labhair i mB\u00e9arla agus rinne na h-imreoir\u00ed an- iarracht \u00e9 a chomhl\u00edonadh agus imr\u00edodh na cluiche i spiorad an- mhaith agus sp\u00f3irti\u00fail a rith le h-\u00e9itis (ethos) an lae.<\/p>\n\n\n\n<p>T\u00e1thar ag s\u00fail anois, leis an ch\u00e9ad \u201cCom\u00f3rtas Cispheile na Gaeltachta\u201d c\u00fartha d\u00ednn againn, go mbeidh an l\u00e1 seo go daingean ar fh\u00e9ilire cispheile na bliana agus go bhfuil s\u00e9 de mhian forbairt a dh\u00e9anamh air, le h-imreoir\u00ed as Gaeltachta\u00ed eile a bheith rannph\u00e1irteach ann.<\/p>\n\n\n\n<p>Is mian le Cumann Cispheile Mhaigh Cuilinn and Cumann Cispheile na nGael a bh\u00ed i mbun eagra\u00edocht an lae bu\u00edochas m\u00f3r a ghlacadh le Gl\u00f3r na nOile\u00e1n, Gaeilge Mhaigh Cuilinn agus An Pobal Rua a thug taca\u00edocht iontach d\u00f3ibh an l\u00e1 a reacht\u00e1il.<\/p>\n\n\n\n<figure class=\"wp-block-embed is-type-rich is-provider-embed wp-block-embed-embed\"><div class=\"wp-block-embed__wrapper\">\nhttps:\/\/www.facebook.com\/media\/set\/?set=a.875096623583497&#038;type=3\n<\/div><\/figure>\n","protected":false},"excerpt":{"rendered":"<p>Mar chuid de Sheachtain na Gaeilge bh\u00ed an-bhr\u00f3d orainn an ch\u00e9ad Chomortas CIspeheile na Gaeltachta a eagr\u00fa in \u00e9ineacht le Cumann Cispeile na nGael.<\/p>\n<p>F\u00e9adfaidh t\u00fa tuairisc as n l\u00e1 a l\u00e9amh anseo.<\/p>\n","protected":false},"author":609,"featured_media":12343,"comment_status":"closed","ping_status":"open","sticky":false,"template":"","format":"standard","meta":{"tpgb_global_settings":"","footnotes":""},"categories":[46],"tags":[],"class_list":["post-12342","post","type-post","status-publish","format-standard","has-post-thumbnail","hentry","category-news"],"blocksy_meta":{"styles_descriptor":{"styles":{"desktop":"","tablet":"","mobile":""},"google_fonts":[],"version":5}},"tpgb_featured_images":null,"tpgb_post_meta_info":{"get_date":"17\/03\/2023","category_list":{"category":[{"term_id":46,"name":"News","slug":"news","term_group":0,"term_taxonomy_id":46,"taxonomy":"category","description":"","parent":0,"count":147,"filter":"raw"}],"post_tag":false},"author_name":"","author_url":"https:\/\/moycullenbasketball.com\/?author=609","author_email":"moycullen.basketball.web@gmail.com","author_website":"","author_description":"","author_facebook":"","author_twitter":"","author_instagram":"","author_role":["subscriber"],"author_avatar":"<img src=\"https:\/\/moycullenbasketball.com\/wp-content\/plugins\/ultimate-member\/assets\/img\/default_avatar.jpg\" class=\"gravatar avatar avatar-200 um-avatar um-avatar-default\" width=\"200\" height=\"200\" alt=\"moycullenbasketball\" data-default=\"https:\/\/moycullenbasketball.com\/wp-content\/plugins\/ultimate-member\/assets\/img\/default_avatar.jpg\" onerror=\"if ( ! this.getAttribute('data-load-error') ){ this.setAttribute('data-load-error', '1');this.setAttribute('src', this.getAttribute('data-default'));}\" loading=\"lazy\" \/>","comment_count":0,"post_likes":0,"post_views":0},"tpgb_post_category":{"category":"<a href=\"https:\/\/moycullenbasketball.com\/?cat=46\" alt=\"News\" class=\"category-news\">News<\/a> "},"_links":{"self":[{"href":"https:\/\/moycullenbasketball.com\/index.php?rest_route=\/wp\/v2\/posts\/12342"}],"collection":[{"href":"https:\/\/moycullenbasketball.com\/index.php?rest_route=\/wp\/v2\/posts"}],"about":[{"href":"https:\/\/moycullenbasketball.com\/index.php?rest_route=\/wp\/v2\/types\/post"}],"author":[{"embeddable":true,"href":"https:\/\/moycullenbasketball.com\/index.php?rest_route=\/wp\/v2\/users\/609"}],"replies":[{"embeddable":true,"href":"https:\/\/moycullenbasketball.com\/index.php?rest_route=%2Fwp%2Fv2%2Fcomments&post=12342"}],"version-history":[{"count":0,"href":"https:\/\/moycullenbasketball.com\/index.php?rest_route=\/wp\/v2\/posts\/12342\/revisions"}],"wp:featuredmedia":[{"embeddable":true,"href":"https:\/\/moycullenbasketball.com\/index.php?rest_route=\/"}],"wp:attachment":[{"href":"https:\/\/moycullenbasketball.com\/index.php?rest_route=%2Fwp%2Fv2%2Fmedia&parent=12342"}],"wp:term":[{"taxonomy":"category","embeddable":true,"href":"https:\/\/moycullenbasketball.com\/index.php?rest_route=%2Fwp%2Fv2%2Fcategories&post=12342"},{"taxonomy":"post_tag","embeddable":true,"href":"https:\/\/moycullenbasketball.com\/index.php?rest_route=%2Fwp%2Fv2%2Ftags&post=12342"}],"curies":[{"name":"wp","href":"https:\/\/api.w.org\/{rel}","templated":true}]}}