{"id":12369,"date":"2023-03-28T20:43:39","date_gmt":"2023-03-28T19:43:39","guid":{"rendered":"https:\/\/moycullenbasketball.net\/?p=12369"},"modified":"2023-03-28T20:43:39","modified_gmt":"2023-03-28T19:43:39","slug":"blitzchomortas-na-rogairi-oga","status":"publish","type":"post","link":"https:\/\/moycullenbasketball.com\/?p=12369","title":{"rendered":"Blitzchom\u00f3rtas Na R\u00f3gair\u00ed \u00d3ga"},"content":{"rendered":"\n<p>Cuireadh deireadh spleodrach leis an tseas\u00far cispheile le r\u00e9alta\u00ed \u00f3ga \u00e1r gclub de Domhnaigh. Bh\u00ed \u00e1r manna, Cispheil Cairdeas Craic le chloiste\u00e1il go hard thart timpeall an halla. \ud83c\udf89 \ud83c\udfc0 \ud83c\udf89<\/p>\n\n\n\n<p>Well done to our youngest club members, Na R\u00f3gair\u00ed \u00d3ga group who have just finished off their season with a great final session in Killannin Community Centre.<\/p>\n\n\n\n<p>A huge thanks to all the parents for bringing their children to training.<\/p>\n\n\n\n<p>M\u00edle bu\u00edochas do foirne caocha\u00edl agus na tuisti, Sin\u00e9ad Monaghan, Dara Canavan, Sin\u00e9ad N\u00ed Dhonnacha, Andrew Mc Donald, Fergal Monaghan, Glenn Hynes, Loretta N\u00ed Ghabh\u00e1in, Maeve Mitchell, Rachel Houlihan, Fergal Kelly, Tara Purcell &amp; Deirdre de Souza .<\/p>\n\n\n\n<p>Many thanks to the Forge who sponsored party bags for our young Basketball Superstars.<\/p>\n\n\n\n<p>We had 45 boys &amp; girls registered this season, you are all Superstars.<\/p>\n\n\n\n<p>Cispheil Cairdeas Craic \ud83c\udfc0<\/p>\n\n\n\n<figure class=\"wp-block-embed is-type-rich is-provider-embed-handler wp-block-embed-embed-handler\"><div class=\"wp-block-embed__wrapper\">\nhttps:\/\/www.facebook.com\/moycullenbasketball\/posts\/pfbid01K9Ku9uWs9RUxbJkrgWPfh5rn2NCeAedEy3rQiv6fSGfVb3HxLixaDCgHt9QQ5G2l\n<\/div><\/figure>\n","protected":false},"excerpt":{"rendered":"<p>Cuireadh deireadh spleodrach leis an tseas\u00far cispheile le r\u00e9alta\u00ed \u00f3ga \u00e1r gclub le blitzchom\u00f3rtas iontach.<br \/>\nWell done to our youngest club members, Na R\u00f3gair\u00ed \u00d3ga group who have just finished off their season with a great final session in Killannin Community Centre.<\/p>\n","protected":false},"author":609,"featured_media":11544,"comment_status":"closed","ping_status":"open","sticky":false,"template":"","format":"standard","meta":{"tpgb_global_settings":"","footnotes":""},"categories":[46],"tags":[],"class_list":["post-12369","post","type-post","status-publish","format-standard","has-post-thumbnail","hentry","category-news"],"blocksy_meta":{"styles_descriptor":{"styles":{"desktop":"","tablet":"","mobile":""},"google_fonts":[],"version":5}},"tpgb_featured_images":null,"tpgb_post_meta_info":{"get_date":"28\/03\/2023","category_list":{"category":[{"term_id":46,"name":"News","slug":"news","term_group":0,"term_taxonomy_id":46,"taxonomy":"category","description":"","parent":0,"count":147,"filter":"raw"}],"post_tag":false},"author_name":"","author_url":"https:\/\/moycullenbasketball.com\/?author=609","author_email":"moycullen.basketball.web@gmail.com","author_website":"","author_description":"","author_facebook":"","author_twitter":"","author_instagram":"","author_role":["subscriber"],"author_avatar":"<img src=\"https:\/\/moycullenbasketball.com\/wp-content\/plugins\/ultimate-member\/assets\/img\/default_avatar.jpg\" class=\"gravatar avatar avatar-200 um-avatar um-avatar-default\" width=\"200\" height=\"200\" alt=\"moycullenbasketball\" data-default=\"https:\/\/moycullenbasketball.com\/wp-content\/plugins\/ultimate-member\/assets\/img\/default_avatar.jpg\" onerror=\"if ( ! this.getAttribute('data-load-error') ){ this.setAttribute('data-load-error', '1');this.setAttribute('src', this.getAttribute('data-default'));}\" loading=\"lazy\" \/>","comment_count":0,"post_likes":0,"post_views":0},"tpgb_post_category":{"category":"<a href=\"https:\/\/moycullenbasketball.com\/?cat=46\" alt=\"News\" class=\"category-news\">News<\/a> "},"_links":{"self":[{"href":"https:\/\/moycullenbasketball.com\/index.php?rest_route=\/wp\/v2\/posts\/12369"}],"collection":[{"href":"https:\/\/moycullenbasketball.com\/index.php?rest_route=\/wp\/v2\/posts"}],"about":[{"href":"https:\/\/moycullenbasketball.com\/index.php?rest_route=\/wp\/v2\/types\/post"}],"author":[{"embeddable":true,"href":"https:\/\/moycullenbasketball.com\/index.php?rest_route=\/wp\/v2\/users\/609"}],"replies":[{"embeddable":true,"href":"https:\/\/moycullenbasketball.com\/index.php?rest_route=%2Fwp%2Fv2%2Fcomments&post=12369"}],"version-history":[{"count":0,"href":"https:\/\/moycullenbasketball.com\/index.php?rest_route=\/wp\/v2\/posts\/12369\/revisions"}],"wp:featuredmedia":[{"embeddable":true,"href":"https:\/\/moycullenbasketball.com\/index.php?rest_route=\/"}],"wp:attachment":[{"href":"https:\/\/moycullenbasketball.com\/index.php?rest_route=%2Fwp%2Fv2%2Fmedia&parent=12369"}],"wp:term":[{"taxonomy":"category","embeddable":true,"href":"https:\/\/moycullenbasketball.com\/index.php?rest_route=%2Fwp%2Fv2%2Fcategories&post=12369"},{"taxonomy":"post_tag","embeddable":true,"href":"https:\/\/moycullenbasketball.com\/index.php?rest_route=%2Fwp%2Fv2%2Ftags&post=12369"}],"curies":[{"name":"wp","href":"https:\/\/api.w.org\/{rel}","templated":true}]}}