{"id":12634,"date":"2023-08-24T09:03:48","date_gmt":"2023-08-24T08:03:48","guid":{"rendered":"https:\/\/moycullenbasketball.net\/?p=12634"},"modified":"2023-08-24T09:03:48","modified_gmt":"2023-08-24T08:03:48","slug":"court-poster-in-irish","status":"publish","type":"post","link":"https:\/\/moycullenbasketball.com\/?p=12634","title":{"rendered":"Court Poster in Irish\/T\u00e9arma\u00ed na C\u00fairte"},"content":{"rendered":"\n<p>Our Irish language committee within Cumann Cispheile Mhaigh Cuilinn has created a helpful poster to assist coaches, players, managers and supporters to familiarise themselves with some of the court markings and areas in Irish.<\/p>\n\n\n\n<figure class=\"wp-block-embed is-type-rich is-provider-embed-handler wp-block-embed-embed-handler\"><div class=\"wp-block-embed__wrapper\">\nhttps:\/\/moycullenbasketball.net\/wp-content\/uploads\/2023\/08\/cc-mc-an-cuirt.png\n<\/div><\/figure>\n\n\n\n<p>We love to hear Irish being used in at our training sessions and games so go ahead and give them a go interspersed with your training sessions and games!<\/p>\n\n\n\n<p>T\u00e1 Coiste na Gaeilge \u00f3 Cumann Cispheile Mhaigh Cuilinn tar \u00e9is p\u00f3staer nua a chruth\u00fa le c\u00fanamh a thabhairt do c\u00f3itse\u00e1laithe, imreoir\u00ed, bainisteoir\u00ed agus don lucht taca\u00edochta aithne a chur ar roinnt don t\u00e9arma\u00edocht a bhaineann leis an ch\u00fairt as Gaeilge.<\/p>\n\n\n\n<p>Is bre\u00e1 linn an teanga a chloiste\u00e1il ag na seisi\u00fain traen\u00e1la agus ag na cluich\u00ed. Bainig\u00ed triail as!<\/p>\n","protected":false},"excerpt":{"rendered":"<p>Our Irish language committee within Cumann Cispheile Mhaigh Cuilinn has created a helpful poster.<\/p>\n<p>Is bre\u00e1 linn an teanga a chloiste\u00e1il ag na seisi\u00fain traen\u00e1la agus ag na cluich\u00ed. Bainig\u00ed triail as!<\/p>\n","protected":false},"author":609,"featured_media":12659,"comment_status":"closed","ping_status":"open","sticky":false,"template":"","format":"standard","meta":{"tpgb_global_settings":"","footnotes":""},"categories":[46],"tags":[],"class_list":["post-12634","post","type-post","status-publish","format-standard","has-post-thumbnail","hentry","category-news"],"blocksy_meta":{"styles_descriptor":{"styles":{"desktop":"","tablet":"","mobile":""},"google_fonts":[],"version":5}},"tpgb_featured_images":null,"tpgb_post_meta_info":{"get_date":"24\/08\/2023","category_list":{"category":[{"term_id":46,"name":"News","slug":"news","term_group":0,"term_taxonomy_id":46,"taxonomy":"category","description":"","parent":0,"count":147,"filter":"raw"}],"post_tag":false},"author_name":"","author_url":"https:\/\/moycullenbasketball.com\/?author=609","author_email":"moycullen.basketball.web@gmail.com","author_website":"","author_description":"","author_facebook":"","author_twitter":"","author_instagram":"","author_role":["subscriber"],"author_avatar":"<img src=\"https:\/\/moycullenbasketball.com\/wp-content\/plugins\/ultimate-member\/assets\/img\/default_avatar.jpg\" class=\"gravatar avatar avatar-200 um-avatar um-avatar-default\" width=\"200\" height=\"200\" alt=\"moycullenbasketball\" data-default=\"https:\/\/moycullenbasketball.com\/wp-content\/plugins\/ultimate-member\/assets\/img\/default_avatar.jpg\" onerror=\"if ( ! this.getAttribute('data-load-error') ){ this.setAttribute('data-load-error', '1');this.setAttribute('src', this.getAttribute('data-default'));}\" loading=\"lazy\" \/>","comment_count":0,"post_likes":0,"post_views":0},"tpgb_post_category":{"category":"<a href=\"https:\/\/moycullenbasketball.com\/?cat=46\" alt=\"News\" class=\"category-news\">News<\/a> "},"_links":{"self":[{"href":"https:\/\/moycullenbasketball.com\/index.php?rest_route=\/wp\/v2\/posts\/12634"}],"collection":[{"href":"https:\/\/moycullenbasketball.com\/index.php?rest_route=\/wp\/v2\/posts"}],"about":[{"href":"https:\/\/moycullenbasketball.com\/index.php?rest_route=\/wp\/v2\/types\/post"}],"author":[{"embeddable":true,"href":"https:\/\/moycullenbasketball.com\/index.php?rest_route=\/wp\/v2\/users\/609"}],"replies":[{"embeddable":true,"href":"https:\/\/moycullenbasketball.com\/index.php?rest_route=%2Fwp%2Fv2%2Fcomments&post=12634"}],"version-history":[{"count":0,"href":"https:\/\/moycullenbasketball.com\/index.php?rest_route=\/wp\/v2\/posts\/12634\/revisions"}],"wp:featuredmedia":[{"embeddable":true,"href":"https:\/\/moycullenbasketball.com\/index.php?rest_route=\/"}],"wp:attachment":[{"href":"https:\/\/moycullenbasketball.com\/index.php?rest_route=%2Fwp%2Fv2%2Fmedia&parent=12634"}],"wp:term":[{"taxonomy":"category","embeddable":true,"href":"https:\/\/moycullenbasketball.com\/index.php?rest_route=%2Fwp%2Fv2%2Fcategories&post=12634"},{"taxonomy":"post_tag","embeddable":true,"href":"https:\/\/moycullenbasketball.com\/index.php?rest_route=%2Fwp%2Fv2%2Ftags&post=12634"}],"curies":[{"name":"wp","href":"https:\/\/api.w.org\/{rel}","templated":true}]}}