{"id":12897,"date":"2023-10-10T18:48:25","date_gmt":"2023-10-10T17:48:25","guid":{"rendered":"https:\/\/moycullenbasketball.net\/?p=12897"},"modified":"2023-10-10T18:48:25","modified_gmt":"2023-10-10T17:48:25","slug":"u14-regional-academy-selections-2","status":"publish","type":"post","link":"https:\/\/moycullenbasketball.com\/?p=12897","title":{"rendered":"U14 Regional Academy Selections"},"content":{"rendered":"\n<p>A massive congratulations to all of our U14 players who were selected to the West Regional Academy after some very competitive talent identification sessions featuring the best players from around Clare, Galway and South Mayo.<\/p>\n\n\n\n<p>Listed below are the Maigh Cuilinn players selected with a link to more information. We wish them all the best!<\/p>\n\n\n\n<p>Under the academy head coaches, the regional head coaches and their staff, the selected players get the benefit of a syllabus put together to improve their playing standard and give them the knowledge they will need to play basketball at an elite level.<\/p>\n\n\n\n<p><strong><mark style=\"background-color:rgba(0,0,0,0)\" class=\"has-inline-color has-vivid-green-cyan-color\">You can find our more information on the Basketball Ireland Academy structure via this <a rel=\"noreferrer noopener\" href=\"https:\/\/ireland.basketball\/academies\" target=\"_blank\">link<\/a>.<\/mark><\/strong><\/p>\n\n\n\n<h2 class=\"wp-block-heading\" id=\"moycullen-players-on-regional-academies-for-2021-2022-season\">Maigh Cuilinn Players on U14 Regional Academies for 2023\/2024 Season<\/h2>\n\n\n\n<p><strong>Girls<\/strong><\/p>\n\n\n\n<ul class=\"wp-block-list\">\n<li>Ciara Bowden<\/li>\n\n\n\n<li>Siun Cullinan<\/li>\n\n\n\n<li>Leah MacLoughlin<\/li>\n<\/ul>\n\n\n\n<p><a href=\"https:\/\/ireland.basketball\/-basketball-ireland-u14-girls-academy-programme-selections-confirmed-following-trial-days\" target=\"_blank\" rel=\"noreferrer noopener\">Link to more information<\/a><\/p>\n\n\n\n<p><strong>Boys<\/strong><\/p>\n\n\n\n<ul class=\"wp-block-list\">\n<li>Dara Walsh<\/li>\n\n\n\n<li>Jack Cleary<\/li>\n\n\n\n<li>Conor Cormican<\/li>\n\n\n\n<li>Noah Griffin<\/li>\n\n\n\n<li>S\u00e9amus Hayes<\/li>\n\n\n\n<li>Henry O&#8217;Toole<\/li>\n<\/ul>\n\n\n\n<p><a href=\"https:\/\/ireland.basketball\/-basketball-ireland-u14-boys-academy-programme-selections-confirmed-following-trial-days\" target=\"_blank\" rel=\"noreferrer noopener\">Link to more information<\/a><\/p>\n\n\n\n<figure class=\"wp-block-image size-large\"><img decoding=\"async\" src=\"https:\/\/moycullenbasketball.net\/wp-content\/uploads\/2023\/10\/img-20231010-wa0006.jpg?w=1024\" alt=\"\" class=\"wp-image-12902\" \/><figcaption class=\"wp-element-caption\">The Maigh Cuilinn boys selected. L-R: Conor, Jack, Seamus, Dara, Henry, Noah<\/figcaption><\/figure>\n\n\n\n<p><\/p>\n","protected":false},"excerpt":{"rendered":"<p>Comhghairdeachas len\u00e1r n-imreoir\u00ed faoi 14 ar fad a roghna\u00edodh chuig na hAcadaimh R\u00e9igi\u00fanacha<\/p>\n","protected":false},"author":609,"featured_media":10753,"comment_status":"closed","ping_status":"open","sticky":false,"template":"","format":"standard","meta":{"tpgb_global_settings":"","footnotes":""},"categories":[46,56,57],"tags":[],"class_list":["post-12897","post","type-post","status-publish","format-standard","has-post-thumbnail","hentry","category-news","category-u-14-boys","category-u-14-girls"],"blocksy_meta":{"styles_descriptor":{"styles":{"desktop":"","tablet":"","mobile":""},"google_fonts":[],"version":5}},"tpgb_featured_images":null,"tpgb_post_meta_info":{"get_date":"10\/10\/2023","category_list":{"category":[{"term_id":46,"name":"News","slug":"news","term_group":0,"term_taxonomy_id":46,"taxonomy":"category","description":"","parent":0,"count":147,"filter":"raw"},{"term_id":56,"name":"U-14 Boys","slug":"u-14-boys","term_group":0,"term_taxonomy_id":56,"taxonomy":"category","description":"","parent":41,"count":6,"filter":"raw"},{"term_id":57,"name":"U-14 Girls","slug":"u-14-girls","term_group":0,"term_taxonomy_id":57,"taxonomy":"category","description":"","parent":42,"count":5,"filter":"raw"}],"post_tag":false},"author_name":"","author_url":"https:\/\/moycullenbasketball.com\/?author=609","author_email":"moycullen.basketball.web@gmail.com","author_website":"","author_description":"","author_facebook":"","author_twitter":"","author_instagram":"","author_role":["subscriber"],"author_avatar":"<img src=\"https:\/\/moycullenbasketball.com\/wp-content\/plugins\/ultimate-member\/assets\/img\/default_avatar.jpg\" class=\"gravatar avatar avatar-200 um-avatar um-avatar-default\" width=\"200\" height=\"200\" alt=\"moycullenbasketball\" data-default=\"https:\/\/moycullenbasketball.com\/wp-content\/plugins\/ultimate-member\/assets\/img\/default_avatar.jpg\" onerror=\"if ( ! this.getAttribute('data-load-error') ){ this.setAttribute('data-load-error', '1');this.setAttribute('src', this.getAttribute('data-default'));}\" loading=\"lazy\" \/>","comment_count":0,"post_likes":0,"post_views":0},"tpgb_post_category":{"category":"<a href=\"https:\/\/moycullenbasketball.com\/?cat=46\" alt=\"News\" class=\"category-news\">News<\/a> <a href=\"https:\/\/moycullenbasketball.com\/?cat=56\" alt=\"U-14 Boys\" class=\"category-u-14-boys\">U-14 Boys<\/a> <a href=\"https:\/\/moycullenbasketball.com\/?cat=57\" alt=\"U-14 Girls\" class=\"category-u-14-girls\">U-14 Girls<\/a> "},"_links":{"self":[{"href":"https:\/\/moycullenbasketball.com\/index.php?rest_route=\/wp\/v2\/posts\/12897"}],"collection":[{"href":"https:\/\/moycullenbasketball.com\/index.php?rest_route=\/wp\/v2\/posts"}],"about":[{"href":"https:\/\/moycullenbasketball.com\/index.php?rest_route=\/wp\/v2\/types\/post"}],"author":[{"embeddable":true,"href":"https:\/\/moycullenbasketball.com\/index.php?rest_route=\/wp\/v2\/users\/609"}],"replies":[{"embeddable":true,"href":"https:\/\/moycullenbasketball.com\/index.php?rest_route=%2Fwp%2Fv2%2Fcomments&post=12897"}],"version-history":[{"count":0,"href":"https:\/\/moycullenbasketball.com\/index.php?rest_route=\/wp\/v2\/posts\/12897\/revisions"}],"wp:featuredmedia":[{"embeddable":true,"href":"https:\/\/moycullenbasketball.com\/index.php?rest_route=\/"}],"wp:attachment":[{"href":"https:\/\/moycullenbasketball.com\/index.php?rest_route=%2Fwp%2Fv2%2Fmedia&parent=12897"}],"wp:term":[{"taxonomy":"category","embeddable":true,"href":"https:\/\/moycullenbasketball.com\/index.php?rest_route=%2Fwp%2Fv2%2Fcategories&post=12897"},{"taxonomy":"post_tag","embeddable":true,"href":"https:\/\/moycullenbasketball.com\/index.php?rest_route=%2Fwp%2Fv2%2Ftags&post=12897"}],"curies":[{"name":"wp","href":"https:\/\/api.w.org\/{rel}","templated":true}]}}