{"id":13267,"date":"2024-04-12T12:09:39","date_gmt":"2024-04-12T11:09:39","guid":{"rendered":"https:\/\/moycullenbasketball.net\/?p=13267"},"modified":"2024-04-12T12:09:39","modified_gmt":"2024-04-12T11:09:39","slug":"comortas-cispheile-na-gaeltacht-2024","status":"publish","type":"post","link":"https:\/\/moycullenbasketball.com\/?p=13267","title":{"rendered":"Com\u00f3rtas Cispheile na Gaeltachta 2024"},"content":{"rendered":"\n<p>T\u00e1 Cumann Cispheile Mhaigh Cuilinn agus Cumann Cispheile na nGael t\u00e1gtha le ch\u00e9ile ar\u00eds i mbliana chun an dara eagr\u00e1n do Chom\u00f3rtas Cispheile na Gaeltachta a reacht\u00e0il, a bheas ar bun D\u00e9 Sathairn 13 Aibre\u00e1n 2024. Is \u00e9 Sportlann Naomh Anna i Leitir M\u00f3ir, an \u00e1is ghalanta a bheidh na cluich\u00ed ar si\u00fal.&nbsp;<\/p>\n\n\n\n<p>T\u00e1 taca\u00edocht agus maoini\u00fa flaithi\u00fail c\u00fartha ar f\u00e1il ag Oifig\u00ed Plean\u00e1il Teanga, Mhaigh Cuilinn, Ceantar Dhuiche Sheoigheach agus Bearna. \u00c1r m\u00edle bu\u00edochas leo d\u00e1 bharr.&nbsp;<\/p>\n\n\n\n<figure class=\"wp-block-image size-large\"><img decoding=\"async\" src=\"https:\/\/moycullenbasketball.net\/wp-content\/uploads\/2024\/04\/opts.png?w=605\" alt=\"\" class=\"wp-image-13281\" \/><\/figure>\n\n\n\n<p>C\u00e9 go raibh bliotsa meascaithe faoi 15 reachte\u00e1ilte anuraidh d\u2019imreoir\u00ed as scoileanna Chonamara agus Cumann Mhaigh Cuilinn, i mbliana beidh an ch\u00e9ad Chom\u00f3rt\u00e0s idir chlubanna faoi 14 do bhuachaill\u00ed Mhaigh Cuilinn, a gcomhars\u00e1in Bearna agus Corr na M\u00f3na.&nbsp;<\/p>\n\n\n\n<figure class=\"wp-block-image size-large\"><img decoding=\"async\" src=\"https:\/\/moycullenbasketball.net\/wp-content\/uploads\/2024\/04\/comortas-2023.jpg?w=1024\" alt=\"\" class=\"wp-image-13271\" \/><figcaption class=\"wp-element-caption\"><em><mark style=\"background-color:rgba(0, 0, 0, 0)\" class=\"has-inline-color has-vivid-cyan-blue-color\">Rannph\u00e1irtithe 2023<\/mark><\/em><\/figcaption><\/figure>\n\n\n\n<p>D\u00e9anadh cinneadh d\u00e9anach chun com\u00f3rtas na gcail\u00edn\u00ed a chur ar athl\u00f3 de bharr bh\u00e1is thr\u00e1g\u00f3ideach imreoir \u00f3g Mhaigh Cuilinn, Ciara Bowden i M\u00ed an Mh\u00e1rta, beidh n\u00f3im\u00e9ad \u00f3m\u00f3is roimh an Chluiche Ceannais do Chiara agus a clann.&nbsp;<\/p>\n\n\n\n<p>T\u00e1thar ag s\u00fail go n-eagr\u00f3far com\u00f3rt\u00e1s na gcail\u00edn\u00ed i rith an tSamhraidh.&nbsp;<\/p>\n\n\n\n<p>Is cinnte gur l\u00e1 spraoi\u00fail, sp\u00f3irti\u00fail a bheas ann, \u00e1it a dtabharfar seans d\u2019imreoir\u00ed \u00f3ga na Gaeltacha a gcuid tallann cispheile a thaispe\u00e1int, agus leiri\u00fa go dt\u00e9ann an Ghaeilge agus an chisph\u00e9il l\u00e1imh le l\u00e1imh.&nbsp;<\/p>\n\n\n\n<p>Beidh gn\u00e1th rialacha Cispheile faoi 14 i gceist, agus rial breise a thugann t\u00fas \u00e1ite don Ghaeilge. Cuirfear fainic ar aon imreoir nach \u00ed an Ghaeilge at\u00e1 in \u00fas\u00e1id acu, agus gearrfar feall teicni\u00fail air, an darna huair.\u00a0<\/p>\n\n\n\n<p>Beidh an reiteoireacht agus obair na&nbsp;n-oifigeach bord ar fad \u00e1 dh\u00e9anamh tr\u00ed mhe\u00e1n na Gaeilge mar a bheas gn\u00e1th imeachta\u00ed an lae.&nbsp;<\/p>\n\n\n\n<p>Mar aon le haon Ch\u00f3mortas eile, bronnfar cup\u00e1n ar na seaimpin\u00ed, ach dar nd\u00f3igh is \u00ed pr\u00edomh aidhm an lae, n\u00e1 go dtabharfar an pobal leathan cispheile n\u00edos gaire d\u00e1 ch\u00e9ile agus go neart\u00f3idh s\u00e9 an cairdreamh idir na clubanna chun an Ghaeilge agus an Chispheil ag choinne\u00e1il beo sa Ghaeltacht.&nbsp;<\/p>\n\n\n\n<p>I dt\u00e9annta an Ch\u00f3martas foirne, feicfear an ch\u00e9ad Chom\u00f3rtas \u201cHotshot\u201d freisin, \u00e1it a mbeidh beirt imreoir\u00ed roghnaithe as gach foireann chun p\u00e1irt a ghlacadh i gcom\u00f3rt\u00e0s sc\u00f3raltha in aghaidh an chloig. An t\u00e9 leis is m\u00f3 point\u00ed sc\u00f3railte ag f\u00e1il an ch\u00e9ad on\u00f3ir mar an ch\u00e9ad sheaimp\u00edn \u201cHotshot\u201d i 2024.&nbsp;<\/p>\n\n\n\n<p>T\u00e1 an chos\u00falacht air go mbeidh an- l\u00e1 sp\u00f3irt, craic agus cispheile tr\u00ed mhe\u00e1n na Ghaeilge ann.<\/p>\n\n\n\n<p>Tagaig\u00ed linn \u00f3n 10r.n -2i.n. !!!&nbsp;<\/p>\n\n\n\n<hr class=\"wp-block-separator has-alpha-channel-opacity\" \/>\n\n\n\n<p>Cumann Cispheile Mhaigh Cuilinn and Cumann Cispheile na nGael have joined forces again this year to run the second Com\u00f3rtas Cispheile na Gaeltachta, happening this Saturday 13 April 2024. The beautiful Sp\u00f3rtlann Mhichael Mh\u00f3ir in Leitir M\u00f3ir once again plays host.<\/p>\n\n\n\n<p>Funding for the competition is generously provided by the language planning officers (Oifigeach Plean\u00e1la Teanga) from Maigh Cuilinn, Ceantar D\u00faiche Sheoigheach and Bearna.<\/p>\n\n\n\n<p>While last year saw a mixed blitz for U15 boys made up of players from both the Na Gael and Maigh Cuilinn clubs, this year sees the first inter-club competition with the U14 boys teams from Maigh Cuilinn, neighbours Bearna and Corr na M\u00f3na the inaugural participants.<\/p>\n\n\n\n<p>A late decision was made to postpone the U14 Girls competition following the tragic death of Maigh Cuilinn player Ciara Bowden in March and there will be a minute\u2019s silence before the final of the boys competition for Ciara. It is hoped that a form of the girls tournament might be organised for the summer.<\/p>\n\n\n\n<p>The competition is intended to be a fun day of basketball and a showcase for players that basketball and the Irish language can go hand in hand. The usual Basketball Ireland rules for U14 boys pertain, save that persistent use of any language other than Irish will attract a warning and then technical foul against the offending player or coach. The refereeing and table official duties will all be conducted through Irish as will the general organisation of the day.<\/p>\n\n\n\n<p>While the tournament will ultimately crown one team winner, the emphasis for the day is far greater than competition alone and it is hoped to engender a wider Gaeltacht Basketball camaraderie between all clubs fighting to keep the game and language alive in the Gaeltacht.<\/p>\n\n\n\n<p>In addition to the team competition, 2024 will see the first ever Com\u00f3rtas Cispheile na Gaeltachta Hotshot competition where two players from each team (as nominated by their team), will get a chance at glory and partake in a hotshot individual scoring contest against the clock to be crowned champion.<\/p>\n\n\n\n<p>It looks set to be a great day of craic and cispheil and the action is planned to run from 10am to 2pm.<\/p>\n\n\n\n<div data-wp-interactive=\"core\/file\" class=\"wp-block-file\"><object data-wp-bind--hidden=\"!state.hasPdfPreview\"  class=\"wp-block-file__embed\" data=\"https:\/\/moycullenbasketball.net\/wp-content\/uploads\/2024\/04\/sceideal-comortas.docx-1.pdf\" type=\"application\/pdf\" style=\"width:100%;height:600px\" aria-label=\"Embed of Sceideal - Com\u00f3rtas.docx.\"><\/object><a id=\"wp-block-file--media-b78cf9f1-061e-4d23-ac05-f74c1d7739de\" href=\"https:\/\/moycullenbasketball.net\/wp-content\/uploads\/2024\/04\/sceideal-comortas.docx-1.pdf\">Sceideal &#8211; Com\u00f3rtas.docx<\/a><a href=\"https:\/\/moycullenbasketball.net\/wp-content\/uploads\/2024\/04\/sceideal-comortas.docx-1.pdf\" class=\"wp-block-file__button wp-element-button\" download aria-describedby=\"wp-block-file--media-b78cf9f1-061e-4d23-ac05-f74c1d7739de\">Download<\/a><\/div>\n","protected":false},"excerpt":{"rendered":"<p>T\u00e1 Cumann Cispheile Mhaigh Cuilinn agus Cumann Cispheile na nGael t\u00e1gtha le ch\u00e9ile ar\u00eds i mbliana chun an dara eagr\u00e1n do Chom\u00f3rtas Cispheile na Gaeltachta a reacht\u00e0il, a bheas ar bun D\u00e9 Sathairn 13 Aibre\u00e1n 2024. Is \u00e9 Sportlann Naomh Anna i Leitir M\u00f3ir, an \u00e1is ghalanta a bheidh na cluich\u00ed ar si\u00fal.\u00a0<\/p>\n","protected":false},"author":609,"featured_media":13269,"comment_status":"closed","ping_status":"open","sticky":false,"template":"","format":"standard","meta":{"tpgb_global_settings":"","footnotes":""},"categories":[46],"tags":[],"class_list":["post-13267","post","type-post","status-publish","format-standard","has-post-thumbnail","hentry","category-news"],"blocksy_meta":{"styles_descriptor":{"styles":{"desktop":"","tablet":"","mobile":""},"google_fonts":[],"version":5}},"tpgb_featured_images":null,"tpgb_post_meta_info":{"get_date":"12\/04\/2024","category_list":{"category":[{"term_id":46,"name":"News","slug":"news","term_group":0,"term_taxonomy_id":46,"taxonomy":"category","description":"","parent":0,"count":147,"filter":"raw"}],"post_tag":false},"author_name":"","author_url":"https:\/\/moycullenbasketball.com\/?author=609","author_email":"moycullen.basketball.web@gmail.com","author_website":"","author_description":"","author_facebook":"","author_twitter":"","author_instagram":"","author_role":["subscriber"],"author_avatar":"<img src=\"https:\/\/moycullenbasketball.com\/wp-content\/plugins\/ultimate-member\/assets\/img\/default_avatar.jpg\" class=\"gravatar avatar avatar-200 um-avatar um-avatar-default\" width=\"200\" height=\"200\" alt=\"moycullenbasketball\" data-default=\"https:\/\/moycullenbasketball.com\/wp-content\/plugins\/ultimate-member\/assets\/img\/default_avatar.jpg\" onerror=\"if ( ! this.getAttribute('data-load-error') ){ this.setAttribute('data-load-error', '1');this.setAttribute('src', this.getAttribute('data-default'));}\" loading=\"lazy\" \/>","comment_count":0,"post_likes":0,"post_views":0},"tpgb_post_category":{"category":"<a href=\"https:\/\/moycullenbasketball.com\/?cat=46\" alt=\"News\" class=\"category-news\">News<\/a> "},"_links":{"self":[{"href":"https:\/\/moycullenbasketball.com\/index.php?rest_route=\/wp\/v2\/posts\/13267"}],"collection":[{"href":"https:\/\/moycullenbasketball.com\/index.php?rest_route=\/wp\/v2\/posts"}],"about":[{"href":"https:\/\/moycullenbasketball.com\/index.php?rest_route=\/wp\/v2\/types\/post"}],"author":[{"embeddable":true,"href":"https:\/\/moycullenbasketball.com\/index.php?rest_route=\/wp\/v2\/users\/609"}],"replies":[{"embeddable":true,"href":"https:\/\/moycullenbasketball.com\/index.php?rest_route=%2Fwp%2Fv2%2Fcomments&post=13267"}],"version-history":[{"count":0,"href":"https:\/\/moycullenbasketball.com\/index.php?rest_route=\/wp\/v2\/posts\/13267\/revisions"}],"wp:featuredmedia":[{"embeddable":true,"href":"https:\/\/moycullenbasketball.com\/index.php?rest_route=\/"}],"wp:attachment":[{"href":"https:\/\/moycullenbasketball.com\/index.php?rest_route=%2Fwp%2Fv2%2Fmedia&parent=13267"}],"wp:term":[{"taxonomy":"category","embeddable":true,"href":"https:\/\/moycullenbasketball.com\/index.php?rest_route=%2Fwp%2Fv2%2Fcategories&post=13267"},{"taxonomy":"post_tag","embeddable":true,"href":"https:\/\/moycullenbasketball.com\/index.php?rest_route=%2Fwp%2Fv2%2Ftags&post=13267"}],"curies":[{"name":"wp","href":"https:\/\/api.w.org\/{rel}","templated":true}]}}